{"id":797,"date":"2017-06-02T11:55:56","date_gmt":"2017-06-02T09:55:56","guid":{"rendered":"http:\/\/www.karinemaussiere.com\/?p=797"},"modified":"2026-03-03T07:01:24","modified_gmt":"2026-03-03T06:01:24","slug":"les-mots-des-amis","status":"publish","type":"post","link":"https:\/\/www.karinemaussiere.com\/?p=797","title":{"rendered":"Les mots des amis"},"content":{"rendered":"\t\t<div data-elementor-type=\"wp-post\" data-elementor-id=\"797\" class=\"elementor elementor-797\">\n\t\t\t\t\t\t<section class=\"elementor-section elementor-top-section elementor-element elementor-element-34c3405c elementor-section-boxed elementor-section-height-default elementor-section-height-default\" data-id=\"34c3405c\" data-element_type=\"section\" data-e-type=\"section\">\n\t\t\t\t\t\t<div class=\"elementor-container elementor-column-gap-default\">\n\t\t\t\t\t<div class=\"elementor-column elementor-col-100 elementor-top-column elementor-element elementor-element-9a7d99d\" data-id=\"9a7d99d\" data-element_type=\"column\" data-e-type=\"column\">\n\t\t\t<div class=\"elementor-widget-wrap elementor-element-populated\">\n\t\t\t\t\t\t<div class=\"elementor-element elementor-element-726ba538 elementor-widget elementor-widget-text-editor\" data-id=\"726ba538\" data-element_type=\"widget\" data-e-type=\"widget\" data-widget_type=\"text-editor.default\">\n\t\t\t\t<div class=\"elementor-widget-container\">\n\t\t\t\t\t\t\t\t\t<div class=\"x14z9mp xat24cr x1lziwak x1vvkbs xtlvy1s x126k92a\">\n<div dir=\"auto\"><strong>Le basalte \u00e9toil\u00e9 du ciel*<\/strong> se pr\u00e9sente comme un voyage visuel sur des \u00eeles volcaniques (&#8230;) Un fragment d\u2019\u00eele, suspendu entre cr\u00e9ation et effacement.<\/div>\n<\/div>\n<div class=\"x14z9mp xat24cr x1lziwak x1vvkbs xtlvy1s x126k92a\">\n<div dir=\"auto\">Accompagn\u00e9 des mots de Sophie Braganti autrice et critique d&rsquo;art, sur<\/div>\n<div dir=\"auto\"><span class=\"html-span xdj266r x14z9mp xat24cr x1lziwak xexx8yu xyri2b x18d9i69 x1c1uobl x1hl2dhg x16tdsg8 x1vvkbs\"><span class=\"html-span xdj266r x14z9mp xat24cr x1lziwak xexx8yu xyri2b x18d9i69 x1c1uobl x1hl2dhg x16tdsg8 x1vvkbs\"><a class=\"x1i10hfl xjbqb8w x1ejq31n x18oe1m7 x1sy0etr xstzfhl x972fbf x10w94by x1qhh985 x14e42zd x9f619 x1ypdohk xt0psk2 x3ct3a4 xdj266r x14z9mp xat24cr x1lziwak xexx8yu xyri2b x18d9i69 x1c1uobl x16tdsg8 x1hl2dhg xggy1nq x1a2a7pz xkrqix3 x1sur9pj x1fey0fg x1s688f\" tabindex=\"0\" role=\"link\" href=\"https:\/\/aicafrance.org\/karine-maussiere-chez-espace-intermediaire-bruxelles\/?fbclid=IwZXh0bgNhZW0CMTAAYnJpZBExNllFSHpBaUxSczJLN01ocHNydGMGYXBwX2lkEDIyMjAzOTE3ODgyMDA4OTIAAR5RnhWSLKd-rU2EdUcoosacVsc2oxMn7lJ8YjGnXn42RO9APeOYb0d5YatL9w_aem_WXFUnltzEpFZrqI1daVl7g\" target=\"_blank\" rel=\"nofollow noopener noreferrer\"><strong>https:\/\/aicafrance.org\/karine-maussiere-chez-espace&#8230;\/<br><br><\/strong><\/a><\/span><\/span><\/div>\n<div dir=\"auto\">\n<div class=\"xdj266r x14z9mp xat24cr x1lziwak x1vvkbs x126k92a\">\n<div dir=\"auto\">Pour l&rsquo;exposition <strong>Les totems de l\u2019aube,<\/strong> de Patricia de Bollivier commissaire :<\/div>\n<\/div>\n<div class=\"x14z9mp xat24cr x1lziwak x1vvkbs xtlvy1s x126k92a\">\n<div dir=\"auto\">Karine Maussi\u00e8re \u2013 Les archives du vivant<\/div>\n<\/div>\n<div class=\"x14z9mp xat24cr x1lziwak x1vvkbs xtlvy1s x126k92a\">\n<div dir=\"auto\">Karine Maussi\u00e8re est une glaneuse du sensible. Elle arpente l\u2019\u00eele comme on feuillette un grimoire, r\u00e9coltant dans les ravines et les jardins des fragments de monde : peaux de cam\u00e9l\u00e9on et de serpent, roches magn\u00e9tiques, squelettes, plantes magiques, nids d\u2019oiseaux\u2026 Ces tr\u00e9sors de sorci\u00e8re, elle les aligne dans ses carnets comme autant de talismans reli\u00e9s par le fil t\u00e9nu de ses dessins \u2014 des lignes fines, vibrantes, qui tissent des alliances entre le min\u00e9ral, l\u2019animal et le v\u00e9g\u00e9tal.<\/div>\n<div dir=\"auto\">Dans ses photographies, l\u2019artiste \u00e9largit le champ : elle nous entra\u00eene vers les vastitudes \u00e9toil\u00e9es, les for\u00eats primordiales, les plaines arides du volcan.<\/div>\n<div dir=\"auto\">Ses images, \u00e0 la fois somptueuses et inqui\u00e8tes, r\u00e9v\u00e8lent le fr\u00e9missement du vivant dans la mati\u00e8re m\u00eame : le cr\u00e9pitement d\u2019une arm\u00e9e de scories, le plissement de la roche comme une peau ancienne. Entre carnet et cosmos, intime et tellurique, Karine Maussi\u00e8re compose une mythologie insulaire o\u00f9 chaque fragment devient relique d\u2019un monde \u00e0 r\u00e9enchanter.<\/div>\n<div dir=\"auto\">&#8211; Patricia de Bollivier, 2025 &#8211;<\/div>\n<\/div>\n<\/div>\n<\/div>\n<p><a href=\"http:\/\/laetitia-bischoff.fr\/?s=karine+maussi%C3%A8re\"><strong>Les bords blancs<\/strong>&#8230;<\/a> Textes de La\u00ebtitia Bischoff<br>Po\u00e8te et critique d\u2019art, La\u00ebtitia Bischoff conte ce qui est le plus souvent expliqu\u00e9.<br>Une po\u00e9sie pour l&rsquo;art, les sciences et l&rsquo;ailleurs. Analyse sensible et mise en mots.<\/p>\n<p>Un article de Jean-Louis Poitevin <a href=\"http:\/\/www.tk-21.com\/TK-21-LaRevue-no-34#to_8\"><strong>http:\/\/www.tk-21.com\/TK-21-LaRevue-no-34#to_8<\/strong><\/a><br>Jean Louis Poitevin visite une nouvelle fois les photographies de Karine Maussi\u00e8re. Elle a, en particulier autour de Sarajevo, port\u00e9 son regard ac\u00e9r\u00e9 sur de jeunes ruines (&#8230;) offrant sur notre rapport au visible un regard balanc\u00e9 de tangage.<\/p>\n<p><em>cours Lola cours &#8211; Vite<\/em><br>Un article de Jean-Louis Poitevin \u2013 TK-21 <a href=\"http:\/\/www.tk-21.com\/TK-21-LaRevue-no-31-43#to_13\"><strong>http:\/\/www.tk-21.com\/TK-21-LaRevue-no-31-43#to_13<\/strong><br><\/a>Les jambes de femmes que photographie vite Karine Maussi\u00e8re ont trouv\u00e9 chez Jean Louis Poitevin un amateur complice.<\/p>\n<p>Interview avec Carole Coen \u2013 Our age is thri13en magazine<br><a href=\"http:\/\/www.ourageis13.com\/feature\/les-contemplations-au-polaroid-de-karine-maussiere\/\"><strong>http:\/\/www.ourageis13.com\/feature\/les-contemplations-au-polaroid-de-karine-maussiere\/<\/strong><br><\/a>Le voyage peut se faire aussi de la mani\u00e8re la plus simple qui soit : en marchant. C\u2019est ce mode qu\u2019a choisi l\u2019artiste Karine Maussi\u00e8re pour explorer, dans diff\u00e9rentes parties du monde mais aussi en France, le territoire et sa relation \u00e0 l\u2019homme \u00e0 travers un travail associant notamment photographie et cartographie. Une d\u00e9marche singuli\u00e8re et sensible, qu\u2019elle partage avec OAI13 en r\u00e9pondant \u00e0 nos questions.<\/p>\n<p>Interview avec S\u00e9bastien Appioti \u2013 Photo-phores magazine<br><a href=\"http:\/\/photo-phores.com\/2014\/01\/20\/entretien-avec-karine-maussiere\/\"><strong>http:\/\/photo-phores.com\/2014\/01\/20\/entretien-avec-karine-maussiere\/<\/strong><\/a><\/p>\n<p><a href=\"http:\/\/www.lacritique.org\/article-entretien-avec-karine-maussiere?var_recherche=yannick%20vigouroux\"><strong>\u00ab&nbsp;Du voyage autour de ma chambr<\/strong>e&nbsp;\u00bb au \u00ab&nbsp;Voyage autour du monde&nbsp;\u00bb<\/a>, entretien avec Yannick Vigouroux sur<a href=\"http:\/\/www.lacritique.org\/article-entretien-avec-karine-maussiere\"> la crit<strong>ique.org<\/strong><br><\/a><span class=\"spip_surligne\">Yannick<\/span> Vigouroux&nbsp;: <em>J\u2019aime cette image de t\u00e9l\u00e9viseur dont l\u2019\u00e9cran est \u00ab&nbsp;vide&nbsp;\u00bb, en tout cas neigeux, r\u00e9alis\u00e9e lors de ton tour du monde. Tes stations-service vides, d\u00e9saffect\u00e9es, sont aussi photographi\u00e9es avec un t\u00e9l\u00e9phone mobile&nbsp;; il y a, je crois une continuit\u00e9 entre tout cela&nbsp;? Pourquoi ce go\u00fbt du vide&nbsp;?<\/em><\/p>\t\t\t\t\t\t\t\t<\/div>\n\t\t\t\t<\/div>\n\t\t\t\t\t<\/div>\n\t\t<\/div>\n\t\t\t\t\t<\/div>\n\t\t<\/section>\n\t\t\t\t<\/div>\n\t\t","protected":false},"excerpt":{"rendered":"<p>Le basalte \u00e9toil\u00e9 du ciel* se pr\u00e9sente comme un voyage visuel sur des \u00eeles volcaniques (&#8230;) Un fragment d\u2019\u00eele, suspendu entre cr\u00e9ation et effacement. Accompagn\u00e9 des mots de Sophie Braganti autrice et critique d&rsquo;art, sur https:\/\/aicafrance.org\/karine-maussiere-chez-espace&#8230;\/ Pour l&rsquo;exposition Les totems de l\u2019aube, de Patricia de Bollivier commissaire : Karine Maussi\u00e8re \u2013 Les archives du vivant [&hellip;]<\/p>\n","protected":false},"author":1,"featured_media":0,"comment_status":"closed","ping_status":"closed","sticky":false,"template":"elementor_theme","format":"standard","meta":{"footnotes":""},"categories":[16],"tags":[],"class_list":["post-797","post","type-post","status-publish","format-standard","hentry","category-about"],"_links":{"self":[{"href":"https:\/\/www.karinemaussiere.com\/index.php?rest_route=\/wp\/v2\/posts\/797","targetHints":{"allow":["GET"]}}],"collection":[{"href":"https:\/\/www.karinemaussiere.com\/index.php?rest_route=\/wp\/v2\/posts"}],"about":[{"href":"https:\/\/www.karinemaussiere.com\/index.php?rest_route=\/wp\/v2\/types\/post"}],"author":[{"embeddable":true,"href":"https:\/\/www.karinemaussiere.com\/index.php?rest_route=\/wp\/v2\/users\/1"}],"replies":[{"embeddable":true,"href":"https:\/\/www.karinemaussiere.com\/index.php?rest_route=%2Fwp%2Fv2%2Fcomments&post=797"}],"version-history":[{"count":16,"href":"https:\/\/www.karinemaussiere.com\/index.php?rest_route=\/wp\/v2\/posts\/797\/revisions"}],"predecessor-version":[{"id":3950,"href":"https:\/\/www.karinemaussiere.com\/index.php?rest_route=\/wp\/v2\/posts\/797\/revisions\/3950"}],"wp:attachment":[{"href":"https:\/\/www.karinemaussiere.com\/index.php?rest_route=%2Fwp%2Fv2%2Fmedia&parent=797"}],"wp:term":[{"taxonomy":"category","embeddable":true,"href":"https:\/\/www.karinemaussiere.com\/index.php?rest_route=%2Fwp%2Fv2%2Fcategories&post=797"},{"taxonomy":"post_tag","embeddable":true,"href":"https:\/\/www.karinemaussiere.com\/index.php?rest_route=%2Fwp%2Fv2%2Ftags&post=797"}],"curies":[{"name":"wp","href":"https:\/\/api.w.org\/{rel}","templated":true}]}}